{"id":3875,"date":"2026-04-27T08:20:01","date_gmt":"2026-04-27T12:20:01","guid":{"rendered":"https:\/\/www.dso.cl\/?p=3875"},"modified":"2026-04-27T16:18:31","modified_gmt":"2026-04-27T20:18:31","slug":"neue-oeffnungszeiten-schatzamt","status":"publish","type":"post","link":"https:\/\/www.dso.cl\/de\/neue-oeffnungszeiten-schatzamt\/","title":{"rendered":"NEUE \u00d6FFNUNGSZEITEN SCHATZAMT"},"content":{"rendered":"<p>&nbsp;<\/p>\n<div>\n<table align=\"center\">\n<tbody>\n<tr>\n<td>\n<table>\n<tbody>\n<tr>\n<td>\n<table>\n<tbody>\n<tr>\n<td>\n<div>\n<p>Gesch\u00e4tzte Erziehungsberechtigte der DSO,<\/p>\n<p>wir m\u00f6chten Ihnen mitteilen, dass im Rahmen der Einf\u00fchrung der 40-Stunden-Woche neue \u00d6ffnungszeiten f\u00fcr das Schatzamt festgelegt wurden &#8211; g\u00fcltig ab Montag, 27. April 2026.<\/p>\n<\/div>\n<div>\n<table>\n<tbody>\n<tr>\n<td>\n<div>\n<p><b>TAG<\/b><\/p>\n<\/div>\n<\/td>\n<td>\n<div>\n<p><b>MORGEN<\/b><\/p>\n<\/div>\n<\/td>\n<td>\n<div>\n<p><b>NACHMITTAG<\/b><\/p>\n<\/div>\n<\/td>\n<\/tr>\n<tr>\n<td>\n<div>\n<p>MONTAG BIS DONNERSTAG<\/p>\n<\/div>\n<\/td>\n<td>\n<div>\n<p>08:00 bis 13:00 Uhr<\/p>\n<\/div>\n<\/td>\n<td>\n<div>\n<p>15:00 bis 16:30 Uhr<\/p>\n<\/div>\n<\/td>\n<\/tr>\n<tr>\n<td>\n<div>\n<p>FREITAG<\/p>\n<\/div>\n<\/td>\n<td>08:00 bis 12:30 Uhr<\/td>\n<td><\/td>\n<\/tr>\n<\/tbody>\n<\/table>\n<\/div>\n<p>&nbsp;<\/td>\n<\/tr>\n<\/tbody>\n<\/table>\n<\/td>\n<\/tr>\n<\/tbody>\n<\/table>\n<\/td>\n<\/tr>\n<\/tbody>\n<\/table>\n<\/div>\n<div>\n<table align=\"center\">\n<tbody>\n<tr>\n<td>\n<table>\n<tbody>\n<tr>\n<td>\n<table>\n<tbody>\n<tr>\n<td>&nbsp;<\/p>\n<div>\n<div>\n<p>&nbsp;<\/p>\n<p><b>Yessica Vargas<\/b><\/p>\n<p><b>Leiterin Administration<\/b><\/p>\n<\/div>\n<\/div>\n<div><\/div>\n<p>&nbsp;<\/td>\n<\/tr>\n<\/tbody>\n<\/table>\n<\/td>\n<\/tr>\n<\/tbody>\n<\/table>\n<\/td>\n<\/tr>\n<\/tbody>\n<\/table>\n<\/div>\n","protected":false},"excerpt":{"rendered":"<p>&nbsp; Gesch\u00e4tzte Erziehungsberechtigte der DSO, wir m\u00f6chten Ihnen mitteilen, dass im Rahmen der Einf\u00fchrung der 40-Stunden-Woche neue \u00d6ffnungszeiten f\u00fcr das Schatzamt festgelegt wurden &#8211; g\u00fcltig ab Montag, 27. April 2026. TAG MORGEN NACHMITTAG MONTAG BIS DONNERSTAG 08:00 bis 13:00 Uhr 15:00 bis 16:30 Uhr FREITAG 08:00 bis 12:30 Uhr &nbsp; &nbsp; &nbsp; Yessica Vargas Leiterin [&hellip;]<\/p>\n","protected":false},"author":8,"featured_media":2850,"comment_status":"open","ping_status":"open","sticky":false,"template":"","format":"standard","meta":{"_acf_changed":false,"footnotes":""},"categories":[4],"tags":[],"class_list":["post-3875","post","type-post","status-publish","format-standard","has-post-thumbnail","hentry","category-nieuws"],"acf":[],"_links":{"self":[{"href":"https:\/\/www.dso.cl\/de\/wp-json\/wp\/v2\/posts\/3875","targetHints":{"allow":["GET"]}}],"collection":[{"href":"https:\/\/www.dso.cl\/de\/wp-json\/wp\/v2\/posts"}],"about":[{"href":"https:\/\/www.dso.cl\/de\/wp-json\/wp\/v2\/types\/post"}],"author":[{"embeddable":true,"href":"https:\/\/www.dso.cl\/de\/wp-json\/wp\/v2\/users\/8"}],"replies":[{"embeddable":true,"href":"https:\/\/www.dso.cl\/de\/wp-json\/wp\/v2\/comments?post=3875"}],"version-history":[{"count":2,"href":"https:\/\/www.dso.cl\/de\/wp-json\/wp\/v2\/posts\/3875\/revisions"}],"predecessor-version":[{"id":3877,"href":"https:\/\/www.dso.cl\/de\/wp-json\/wp\/v2\/posts\/3875\/revisions\/3877"}],"wp:featuredmedia":[{"embeddable":true,"href":"https:\/\/www.dso.cl\/de\/wp-json\/wp\/v2\/media\/2850"}],"wp:attachment":[{"href":"https:\/\/www.dso.cl\/de\/wp-json\/wp\/v2\/media?parent=3875"}],"wp:term":[{"taxonomy":"category","embeddable":true,"href":"https:\/\/www.dso.cl\/de\/wp-json\/wp\/v2\/categories?post=3875"},{"taxonomy":"post_tag","embeddable":true,"href":"https:\/\/www.dso.cl\/de\/wp-json\/wp\/v2\/tags?post=3875"}],"curies":[{"name":"wp","href":"https:\/\/api.w.org\/{rel}","templated":true}]}}