{"id":3706,"date":"2026-01-07T10:13:50","date_gmt":"2026-01-07T13:13:50","guid":{"rendered":"https:\/\/www.dso.cl\/?p=3706"},"modified":"2026-01-28T12:59:47","modified_gmt":"2026-01-28T15:59:47","slug":"schulkalender-2026-schueler","status":"publish","type":"post","link":"https:\/\/www.dso.cl\/de\/schulkalender-2026-schueler\/","title":{"rendered":"SCHULKALENDER 2026 (SCH\u00dcLER)"},"content":{"rendered":"<p>Liebe DSO-Gemeinschaft,<\/p>\n<p>der vorliegende Schulkalender gilt ausschlie\u00dflich f\u00fcr die Sch\u00fcler und Sch\u00fclerinnen der Deutschen Schule Osorno.<\/p>\n<p>Die Termine f\u00fcr den Beginn und das Ende der Aktivit\u00e4ten sind wie folgt:<\/p>\n<p>1. Beginn des ersten Halbjahres:<br \/>\nMontag, 2. M\u00e4rz (1. bis 12. Klasse)<br \/>\nDienstag, 3. M\u00e4rz (Medio Menor bis Kindergarten)<\/p>\n<p>2. Feiertage im ersten Halbjahr:<br \/>\nFreitag, 3. April (religi\u00f6ser Feiertag)<br \/>\nMontag, 6. April (Ostermontag)<br \/>\nFreitag, 1. Mai (Tag der Arbeit)<br \/>\nDonnerstag, 21. Mai (Tag der Seestreitkr\u00e4fte)<br \/>\nFreitag, 22. Mai (Feiertag)<br \/>\nMontag, 29. Juni (religi\u00f6ser Feiertag)<\/p>\n<p>3. Letzter Unterrichtstag des ersten Semesters:<br \/>\nFreitag, 3. Juli<\/p>\n<p>4. Winterferien f\u00fcr Sch\u00fcler und Sch\u00fclerinnen:<br \/>\nMontag, 6. Juli bis Montag, 27. Juli<\/p>\n<p>5. Beginn des zweiten Schulhalbjahres f\u00fcr Sch\u00fcler und Sch\u00fclerinnen (Medio Menor bis 12. Klasse):<br \/>\nDienstag, 28. Juli<\/p>\n<p>6. Feiertage im zweiten Schulhalbjahr:<br \/>\nMontag, 14. bis Freitag, 18. September (Fiestas Patrias\/Nationalfeiertage)<br \/>\nMontag, 21. September Beginn der Schulaktivit\u00e4ten<br \/>\nMontag, 12. Oktober (Feiertag)<br \/>\nMontag, 7. Dezember (Br\u00fcckentag)<br \/>\nDienstag, 8. Dezember (religi\u00f6ser Feiertag)<\/p>\n<p>7. Ende des Schuljahres:<br \/>\nFreitag, 11. Dezember<\/p>\n<p>Mit freundlichen Gr\u00fc\u00dfen<\/p>\n<p>Die Schulleitung<br \/>\nDeutsche Schule Osorno<\/p>\n<p style=\"text-align: right;\">\n","protected":false},"excerpt":{"rendered":"<p>Liebe DSO-Gemeinschaft, der vorliegende Schulkalender gilt ausschlie\u00dflich f\u00fcr die Sch\u00fcler und Sch\u00fclerinnen der Deutschen Schule Osorno. Die Termine f\u00fcr den Beginn und das Ende der Aktivit\u00e4ten sind wie folgt: 1. Beginn des ersten Halbjahres: Montag, 2. M\u00e4rz (1. bis 12. Klasse) Dienstag, 3. M\u00e4rz (Medio Menor bis Kindergarten) 2. Feiertage im ersten Halbjahr: Freitag, 3. [&hellip;]<\/p>\n","protected":false},"author":8,"featured_media":2850,"comment_status":"open","ping_status":"open","sticky":false,"template":"","format":"standard","meta":{"_acf_changed":false,"footnotes":""},"categories":[4],"tags":[],"class_list":["post-3706","post","type-post","status-publish","format-standard","has-post-thumbnail","hentry","category-nieuws"],"acf":[],"_links":{"self":[{"href":"https:\/\/www.dso.cl\/de\/wp-json\/wp\/v2\/posts\/3706","targetHints":{"allow":["GET"]}}],"collection":[{"href":"https:\/\/www.dso.cl\/de\/wp-json\/wp\/v2\/posts"}],"about":[{"href":"https:\/\/www.dso.cl\/de\/wp-json\/wp\/v2\/types\/post"}],"author":[{"embeddable":true,"href":"https:\/\/www.dso.cl\/de\/wp-json\/wp\/v2\/users\/8"}],"replies":[{"embeddable":true,"href":"https:\/\/www.dso.cl\/de\/wp-json\/wp\/v2\/comments?post=3706"}],"version-history":[{"count":1,"href":"https:\/\/www.dso.cl\/de\/wp-json\/wp\/v2\/posts\/3706\/revisions"}],"predecessor-version":[{"id":3707,"href":"https:\/\/www.dso.cl\/de\/wp-json\/wp\/v2\/posts\/3706\/revisions\/3707"}],"wp:featuredmedia":[{"embeddable":true,"href":"https:\/\/www.dso.cl\/de\/wp-json\/wp\/v2\/media\/2850"}],"wp:attachment":[{"href":"https:\/\/www.dso.cl\/de\/wp-json\/wp\/v2\/media?parent=3706"}],"wp:term":[{"taxonomy":"category","embeddable":true,"href":"https:\/\/www.dso.cl\/de\/wp-json\/wp\/v2\/categories?post=3706"},{"taxonomy":"post_tag","embeddable":true,"href":"https:\/\/www.dso.cl\/de\/wp-json\/wp\/v2\/tags?post=3706"}],"curies":[{"name":"wp","href":"https:\/\/api.w.org\/{rel}","templated":true}]}}