{"id":1451,"date":"2023-04-13T09:02:56","date_gmt":"2023-04-13T13:02:56","guid":{"rendered":"https:\/\/www.dso.cl\/?p=1451"},"modified":"2023-04-13T10:04:22","modified_gmt":"2023-04-13T14:04:22","slug":"vortrag-strafrechtliche-verantwortung","status":"publish","type":"post","link":"https:\/\/www.dso.cl\/de\/vortrag-strafrechtliche-verantwortung\/","title":{"rendered":"Vortrag Strafrechtliche Verantwortung"},"content":{"rendered":"<p>Der am Mittwoch, 12. April 2023, in der Aula Baquedano unserer Schule gehaltene Vortrag mit dem Titel &#8220;Strafrechtliche Verantwortung&#8221;, der von der regionalen Staatsanw\u00e4ltin, Mar\u00eda Soledad Llorente, und dem Staatsanwalt der Provinz Osorno, Sebasti\u00e1n Contreras, gehalten wurde, stellte die wichtigsten Leitlinien und Ziele der mit der Justiz verbundenen Institution in Bezug auf die strafrechtliche Verantwortung von Jugendlichen vor. Die Lehrkr\u00e4fte zeigten gro\u00dfes Interesse an der Anwendung dieser rechtlichen Konzepte im schulischen Umfeld in Anbetracht der geltenden Reformen und der verschiedenen Situationen, die im schulischen Umfeld auftreten k\u00f6nnen.<\/p>\n<p>F\u00fcr zuk\u00fcnftige Gelegenheiten w\u00e4re es interessant, diese Themen zu vertiefen und dabei den Schwerpunkt auf unseren Kontext zu legen, um in Zukunft so handeln zu k\u00f6nnen, dass die Interessen der Kinder und Jugendlichen auf beste Art und Weise vertreten werden k\u00f6nnen.<\/p>\n\n\t\t<style type=\"text\/css\">\n\t\t\t#gallery-1 {\n\t\t\t\tmargin: auto;\n\t\t\t}\n\t\t\t#gallery-1 .gallery-item {\n\t\t\t\tfloat: left;\n\t\t\t\tmargin-top: 10px;\n\t\t\t\ttext-align: center;\n\t\t\t\twidth: 33%;\n\t\t\t}\n\t\t\t#gallery-1 img {\n\t\t\t\tborder: 2px solid #cfcfcf;\n\t\t\t}\n\t\t\t#gallery-1 .gallery-caption {\n\t\t\t\tmargin-left: 0;\n\t\t\t}\n\t\t\t\/* see gallery_shortcode() in wp-includes\/media.php *\/\n\t\t<\/style>\n\t\t<div id='gallery-1' class='gallery galleryid-1451 gallery-columns-3 gallery-size-thumbnail'><dl class='gallery-item'>\n\t\t\t<dt class='gallery-icon landscape'>\n\t\t\t\t<a href='https:\/\/www.dso.cl\/de\/vortrag-strafrechtliche-verantwortung\/whatsapp-image-2023-04-12-at-21-49-23-4-2\/'><img loading=\"lazy\" decoding=\"async\" width=\"150\" height=\"150\" src=\"https:\/\/www.dso.cl\/web\/wp-content\/uploads\/2023\/04\/WhatsApp-Image-2023-04-12-at-21.49.23-4-150x150.jpeg\" class=\"attachment-thumbnail size-thumbnail\" alt=\"\" \/><\/a>\n\t\t\t<\/dt><\/dl><dl class='gallery-item'>\n\t\t\t<dt class='gallery-icon landscape'>\n\t\t\t\t<a href='https:\/\/www.dso.cl\/de\/vortrag-strafrechtliche-verantwortung\/whatsapp-image-2023-04-12-at-21-49-23-3-2\/'><img loading=\"lazy\" decoding=\"async\" width=\"150\" height=\"150\" src=\"https:\/\/www.dso.cl\/web\/wp-content\/uploads\/2023\/04\/WhatsApp-Image-2023-04-12-at-21.49.23-3-150x150.jpeg\" class=\"attachment-thumbnail size-thumbnail\" alt=\"\" \/><\/a>\n\t\t\t<\/dt><\/dl><dl class='gallery-item'>\n\t\t\t<dt class='gallery-icon landscape'>\n\t\t\t\t<a href='https:\/\/www.dso.cl\/de\/vortrag-strafrechtliche-verantwortung\/whatsapp-image-2023-04-12-at-21-49-23-2-2\/'><img loading=\"lazy\" decoding=\"async\" width=\"150\" height=\"150\" src=\"https:\/\/www.dso.cl\/web\/wp-content\/uploads\/2023\/04\/WhatsApp-Image-2023-04-12-at-21.49.23-2-150x150.jpeg\" class=\"attachment-thumbnail size-thumbnail\" alt=\"\" \/><\/a>\n\t\t\t<\/dt><\/dl><br style=\"clear: both\" \/><dl class='gallery-item'>\n\t\t\t<dt class='gallery-icon landscape'>\n\t\t\t\t<a href='https:\/\/www.dso.cl\/de\/vortrag-strafrechtliche-verantwortung\/whatsapp-image-2023-04-12-at-21-49-23-1-2\/'><img loading=\"lazy\" decoding=\"async\" width=\"150\" height=\"150\" src=\"https:\/\/www.dso.cl\/web\/wp-content\/uploads\/2023\/04\/WhatsApp-Image-2023-04-12-at-21.49.23-1-150x150.jpeg\" class=\"attachment-thumbnail size-thumbnail\" alt=\"\" \/><\/a>\n\t\t\t<\/dt><\/dl><dl class='gallery-item'>\n\t\t\t<dt class='gallery-icon landscape'>\n\t\t\t\t<a href='https:\/\/www.dso.cl\/de\/vortrag-strafrechtliche-verantwortung\/whatsapp-image-2023-04-12-at-21-49-23-5\/'><img loading=\"lazy\" decoding=\"async\" width=\"150\" height=\"150\" src=\"https:\/\/www.dso.cl\/web\/wp-content\/uploads\/2023\/04\/WhatsApp-Image-2023-04-12-at-21.49.23-150x150.jpeg\" class=\"attachment-thumbnail size-thumbnail\" alt=\"\" \/><\/a>\n\t\t\t<\/dt><\/dl>\n\t\t\t<br style='clear: both' \/>\n\t\t<\/div>\n\n","protected":false},"excerpt":{"rendered":"<p>Der am Mittwoch, 12. April 2023, in der Aula Baquedano unserer Schule gehaltene Vortrag mit dem Titel &#8220;Strafrechtliche Verantwortung&#8221;, der von der regionalen Staatsanw\u00e4ltin, Mar\u00eda Soledad Llorente, und dem Staatsanwalt der Provinz Osorno, Sebasti\u00e1n Contreras, gehalten wurde, stellte die wichtigsten Leitlinien und Ziele der mit der Justiz verbundenen Institution in Bezug auf die strafrechtliche Verantwortung [&hellip;]<\/p>\n","protected":false},"author":8,"featured_media":1443,"comment_status":"open","ping_status":"open","sticky":false,"template":"","format":"standard","meta":{"_acf_changed":false,"footnotes":""},"categories":[4],"tags":[],"class_list":["post-1451","post","type-post","status-publish","format-standard","has-post-thumbnail","hentry","category-nieuws"],"acf":[],"_links":{"self":[{"href":"https:\/\/www.dso.cl\/de\/wp-json\/wp\/v2\/posts\/1451","targetHints":{"allow":["GET"]}}],"collection":[{"href":"https:\/\/www.dso.cl\/de\/wp-json\/wp\/v2\/posts"}],"about":[{"href":"https:\/\/www.dso.cl\/de\/wp-json\/wp\/v2\/types\/post"}],"author":[{"embeddable":true,"href":"https:\/\/www.dso.cl\/de\/wp-json\/wp\/v2\/users\/8"}],"replies":[{"embeddable":true,"href":"https:\/\/www.dso.cl\/de\/wp-json\/wp\/v2\/comments?post=1451"}],"version-history":[{"count":3,"href":"https:\/\/www.dso.cl\/de\/wp-json\/wp\/v2\/posts\/1451\/revisions"}],"predecessor-version":[{"id":1463,"href":"https:\/\/www.dso.cl\/de\/wp-json\/wp\/v2\/posts\/1451\/revisions\/1463"}],"wp:featuredmedia":[{"embeddable":true,"href":"https:\/\/www.dso.cl\/de\/wp-json\/wp\/v2\/media\/1443"}],"wp:attachment":[{"href":"https:\/\/www.dso.cl\/de\/wp-json\/wp\/v2\/media?parent=1451"}],"wp:term":[{"taxonomy":"category","embeddable":true,"href":"https:\/\/www.dso.cl\/de\/wp-json\/wp\/v2\/categories?post=1451"},{"taxonomy":"post_tag","embeddable":true,"href":"https:\/\/www.dso.cl\/de\/wp-json\/wp\/v2\/tags?post=1451"}],"curies":[{"name":"wp","href":"https:\/\/api.w.org\/{rel}","templated":true}]}}